{"@context":"https:\/\/schema.org\/","@type":"CollectionPage","@id":"https:\/\/www.demorss.cz\/dovolena\/#CollectionPage","headline":"Dovolen\u00e1 Category","description":"","url":"https:\/\/www.demorss.cz\/dovolena\/","hasPart":[{"@type":"Article","@id":"https:\/\/www.demorss.cz\/tuzemska-dovolena\/","headline":"Tuzemsk\u00e1 dovolen\u00e1","url":"https:\/\/www.demorss.cz\/tuzemska-dovolena\/","datePublished":"2022-04-16","dateModified":"2023-06-05","mainEntityOfPage":"https:\/\/www.demorss.cz\/tuzemska-dovolena\/","author":{"@type":"Person","@id":"https:\/\/www.demorss.cz\/author\/#Person","name":"","url":"https:\/\/www.demorss.cz\/author\/","identifier":1,"image":{"@type":"ImageObject","@id":"https:\/\/secure.gravatar.com\/avatar\/091b4d684e9af597ec9885a078917281e353fb1084ff05c94355123dbb14e899?s=96&d=mm&r=g","url":"https:\/\/secure.gravatar.com\/avatar\/091b4d684e9af597ec9885a078917281e353fb1084ff05c94355123dbb14e899?s=96&d=mm&r=g","height":96,"width":96}},"publisher":{"@type":"Organization","name":"demorss.cz","logo":{"@type":"ImageObject","@id":"\/logo.png","url":"\/logo.png","width":600,"height":60}},"image":{"@type":"ImageObject","@id":"https:\/\/www.demorss.cz\/wp-content\/uploads\/cap-gb8ce3b35d_640_1.jpg","url":"https:\/\/www.demorss.cz\/wp-content\/uploads\/cap-gb8ce3b35d_640_1.jpg","height":0,"width":0},"keywords":null},{"@type":"Article","@id":"https:\/\/www.demorss.cz\/uzijte-si-dovolenou-a-nespalte-se-jak-si-uzivat-slunicka-a-nepodcenit-pripravu\/","headline":"U\u017eijte si dovolenou a nespalte se! Jak si u\u017e\u00edvat slun\u00ed\u010dka a nepodcenit p\u0159\u00edpravu?","url":"https:\/\/www.demorss.cz\/uzijte-si-dovolenou-a-nespalte-se-jak-si-uzivat-slunicka-a-nepodcenit-pripravu\/","datePublished":"2021-12-30","dateModified":"2023-06-05","mainEntityOfPage":"https:\/\/www.demorss.cz\/uzijte-si-dovolenou-a-nespalte-se-jak-si-uzivat-slunicka-a-nepodcenit-pripravu\/","author":{"@type":"Person","@id":"https:\/\/www.demorss.cz\/author\/#Person","name":"","url":"https:\/\/www.demorss.cz\/author\/","identifier":1,"image":{"@type":"ImageObject","@id":"https:\/\/secure.gravatar.com\/avatar\/091b4d684e9af597ec9885a078917281e353fb1084ff05c94355123dbb14e899?s=96&d=mm&r=g","url":"https:\/\/secure.gravatar.com\/avatar\/091b4d684e9af597ec9885a078917281e353fb1084ff05c94355123dbb14e899?s=96&d=mm&r=g","height":96,"width":96}},"publisher":{"@type":"Organization","name":"demorss.cz","logo":{"@type":"ImageObject","@id":"\/logo.png","url":"\/logo.png","width":600,"height":60}},"image":{"@type":"ImageObject","@id":"https:\/\/www.demorss.cz\/wp-content\/uploads\/pexels-photo-1089168.jpeg","url":"https:\/\/www.demorss.cz\/wp-content\/uploads\/pexels-photo-1089168.jpeg","height":0,"width":0},"keywords":null},{"@type":"Article","@id":"https:\/\/www.demorss.cz\/zimni-dovolena-v-maroku\/","headline":"Zimn\u00ed dovolen\u00e1 v Maroku","url":"https:\/\/www.demorss.cz\/zimni-dovolena-v-maroku\/","datePublished":"2019-11-13","dateModified":"2023-06-05","mainEntityOfPage":"https:\/\/www.demorss.cz\/zimni-dovolena-v-maroku\/","author":{"@type":"Person","@id":"https:\/\/www.demorss.cz\/author\/#Person","name":"","url":"https:\/\/www.demorss.cz\/author\/","identifier":1,"image":{"@type":"ImageObject","@id":"https:\/\/secure.gravatar.com\/avatar\/091b4d684e9af597ec9885a078917281e353fb1084ff05c94355123dbb14e899?s=96&d=mm&r=g","url":"https:\/\/secure.gravatar.com\/avatar\/091b4d684e9af597ec9885a078917281e353fb1084ff05c94355123dbb14e899?s=96&d=mm&r=g","height":96,"width":96}},"publisher":{"@type":"Organization","name":"demorss.cz","logo":{"@type":"ImageObject","@id":"\/logo.png","url":"\/logo.png","width":600,"height":60}},"image":{"@type":"ImageObject","@id":"https:\/\/www.demorss.cz\/wp-content\/uploads\/img_a361166_w3838_t1574546866.jpg","url":"https:\/\/www.demorss.cz\/wp-content\/uploads\/img_a361166_w3838_t1574546866.jpg","height":0,"width":0},"keywords":null}]}