[{"@context":"https:\/\/schema.org\/","@type":"Article","@id":"https:\/\/www.demorss.cz\/kdy-a-proc-dat-diteti-mobilni-telefon\/#Article","mainEntityOfPage":"https:\/\/www.demorss.cz\/kdy-a-proc-dat-diteti-mobilni-telefon\/","headline":"Kdy a pro\u010d d\u00e1t d\u00edt\u011bti mobiln\u00ed telefon?","name":"Kdy a pro\u010d d\u00e1t d\u00edt\u011bti mobiln\u00ed telefon?","description":"Ot\u00e1zka, kdy a pro\u010d d\u00e1t d\u00edt\u011bti mobiln\u00ed telefon, zam\u011bstn\u00e1v\u00e1 mysl mnoha rodi\u010d\u016f. N\u011bkdy tomu je moc brzy, n\u011bkdy tomu je moc pozd\u011b \u2026 Nezavd\u011b\u010d\u00edte se v\u0161em a ono v tomto rozhodnut\u00ed v\u016fbec nejde. V tomto ohledu nejde o nikoho jin\u00e9ho ne\u017e o V\u00e1s a Va\u0161e d\u00edt\u011b. Vy se mus\u00edte rozhodnout, kdy je ten spr\u00e1vn\u00fd \u010das [&hellip;]","datePublished":"2019-11-01","dateModified":"2023-06-05","author":{"@type":"Person","@id":"https:\/\/www.demorss.cz\/author\/#Person","name":"","url":"https:\/\/www.demorss.cz\/author\/","identifier":1,"image":{"@type":"ImageObject","@id":"https:\/\/secure.gravatar.com\/avatar\/091b4d684e9af597ec9885a078917281e353fb1084ff05c94355123dbb14e899?s=96&d=mm&r=g","url":"https:\/\/secure.gravatar.com\/avatar\/091b4d684e9af597ec9885a078917281e353fb1084ff05c94355123dbb14e899?s=96&d=mm&r=g","height":96,"width":96}},"publisher":{"@type":"Organization","name":"demorss.cz","logo":{"@type":"ImageObject","@id":"\/logo.png","url":"\/logo.png","width":600,"height":60}},"image":{"@type":"ImageObject","@id":"https:\/\/www.demorss.cz\/wp-content\/uploads\/img_a361320_w3838_t1574600762.jpg","url":"https:\/\/www.demorss.cz\/wp-content\/uploads\/img_a361320_w3838_t1574600762.jpg","height":0,"width":0},"url":"https:\/\/www.demorss.cz\/kdy-a-proc-dat-diteti-mobilni-telefon\/","about":["Mobil"],"wordCount":498,"articleBody":"Ot\u00e1zka, kdy a pro\u010d d\u00e1t d\u00edt\u011bti mobiln\u00ed telefon, zam\u011bstn\u00e1v\u00e1 mysl mnoha rodi\u010d\u016f. N\u011bkdy tomu je moc brzy, n\u011bkdy tomu je moc pozd\u011b \u2026 Nezavd\u011b\u010d\u00edte se v\u0161em a ono v tomto rozhodnut\u00ed v\u016fbec nejde. V tomto ohledu nejde o nikoho jin\u00e9ho ne\u017e o V\u00e1s a Va\u0161e d\u00edt\u011b. Vy se mus\u00edte rozhodnout, kdy je ten spr\u00e1vn\u00fd \u010das k tomu, aby Va\u0161e d\u00edtko m\u011blo vlastn\u00ed mobiln\u00ed telefon.&#13; Mus\u00edte se ale rozhodnout ze spr\u00e1vn\u00fdch d\u016fvod\u016f. Ur\u010dit\u011b nen\u00ed spr\u00e1vn\u011b, pokud se rozhodnete potomka obdarovat mobilem jen proto, \u017ee v\u00edte, \u017ee se r\u00e1do d\u00edv\u00e1 na videa na Youtube a V\u00e1m to p\u0159ijde jako skv\u011bl\u00fd zp\u016fsob, jak ho zabavit nebo tak\u00e9 nen\u00ed spr\u00e1vn\u00fd podn\u011bt ke koupi pouze to, \u017ee na to m\u00e1te pen\u00edze a \u017ee t\u00edm dokazujete Va\u0161e spole\u010densk\u00e9 postaven\u00ed. Takto bychom mohli pokra\u010dovat se \u0161patn\u00fdmi d\u016fvody do nekone\u010dna.&#13; Rovnou m\u016f\u017eeme \u0159\u00edct, \u017ee p\u0159ed\u0161kol\u00e1k by rozhodn\u011b vlastn\u00ed mobil nem\u011bl m\u00edt, tedy d\u00edt\u011b do 6 let ur\u010dit\u011b ne. V jeho \u0161esti letech mus\u00edme p\u0159em\u00fd\u0161let nad t\u00edm, zda u\u017e je tak vyzr\u00e1l\u00e9 na to, aby ho dok\u00e1zalo ovl\u00e1dat a aby nehrozilo riziko zni\u010den\u00ed, ztracen\u00ed, zneu\u017eit\u00ed, apod. Pro\u010d by m\u011bl nebo nem\u011bl m\u00edt prv\u0148\u00e1k vlastn\u00ed mobiln\u00ed telefon?&#13; Pokud V\u00e1\u0161 potomek bude nap\u0159\u00edklad ve \u0161kole p\u0159ech\u00e1zet po v\u00fduce do dru\u017einy a Vy chcete m\u00edt p\u0159ehled o tom, \u017ee to prob\u011bhlo v po\u0159\u00e1dku nebo pokud nap\u0159\u00edklad nem\u016f\u017eete d\u00edt\u011b vyzved\u00e1vat uvnit\u0159 \u0161koly a vyzved\u00e1v\u00e1te ho p\u0159ed \u0161kolou, kde se pohybuje spousta dal\u0161\u00edch lid\u00ed a vl\u00e1dne tam chaos, v t\u011bchto p\u0159\u00edpadech u\u017e je pot\u0159eba zv\u00e1\u017eit, zda by V\u00e1m vlastn\u00ed telefon pro Va\u0161eho potomka neu\u0161et\u0159il r\u016fzn\u00e1 tr\u00e1pen\u00ed.&#13; Koup\u011b prvn\u00edho mobiln\u00edho telefonu se sv\u00fdm zp\u016fsobem v\u00e1\u017ee k samostatnosti Va\u0161eho d\u00edt\u011bte ve \u0161kole. V moment\u011b, kdy se nap\u0159\u00edklad mus\u00ed p\u0159epravovat samo nebo p\u0159ech\u00e1z\u00ed silnici k V\u00e1m dom\u016f, je dobr\u00e9 m\u00edt p\u0159ehled, kde p\u0159esn\u011b je a co se s n\u00edm d\u011bje.&#13; V\u011bt\u0161ina rodi\u010d\u016f se tedy uchyluje k n\u00e1kupu prvn\u00edho smartphonu s n\u00e1stupem na z\u00e1kladn\u00ed \u0161kolu. Mysl\u00edme si, \u017ee toto je ten spr\u00e1vn\u00fd \u010das a Vy i d\u00edt\u011b si vysv\u011btl\u00edte p\u0159esn\u00e9 hranice a pravidla. Rozhodn\u011b ale m\u011bjte p\u0159ehled o v\u0161ech mobiln\u00edch aktivit\u00e1ch a d\u00edt\u011b neust\u00e1le kontrolujte.&#13; V prvn\u00edch letech ur\u010dit\u011b doporu\u010dujeme, aby byla ve Va\u0161\u00ed nep\u0159\u00edtomnosti vypnut\u00e1 internetov\u00e1 data aby nedo\u0161lo k n\u00e1v\u0161t\u011bv\u00e1m ne\u017e\u00e1douc\u00edch webov\u00fdch str\u00e1nek.                                                                                                                                                                                                                                                                                                                                                                                                "},{"@context":"https:\/\/schema.org\/","@type":"BreadcrumbList","itemListElement":[{"@type":"ListItem","position":1,"name":"Kdy a pro\u010d d\u00e1t d\u00edt\u011bti mobiln\u00ed telefon?","item":"https:\/\/www.demorss.cz\/kdy-a-proc-dat-diteti-mobilni-telefon\/#breadcrumbitem"}]}]