[{"@context":"https:\/\/schema.org\/","@type":"Article","@id":"https:\/\/www.demorss.cz\/zmena-doby\/#Article","mainEntityOfPage":"https:\/\/www.demorss.cz\/zmena-doby\/","headline":"Zm\u011bna doby","name":"Zm\u011bna doby","description":"P\u0159ij\u00ed\u017ed\u00edm, k\u00a0rozlehl\u00e9mu, n\u00e1kupn\u00edmu centrum. Venkovn\u00ed parkovac\u00ed plocha je napln\u011bna na sto procent. P\u0159ed obchodn\u00edm centrem se tvo\u0159\u00ed nekone\u010dn\u00e1 fronta aut. V\u00a0druh\u00e9m pruhu kolonu \u010dekaj\u00edc\u00edch voz\u016f p\u0159edj\u00ed\u017ed\u00ed ob\u010das ojedin\u011bl\u00e9 vozy. V\u0161echny p\u0159edj\u00ed\u017ed\u011bj\u00edc\u00ed auta jsou o pozn\u00e1n\u00ed star\u0161\u00ed, ne\u017e ta \u010dekaj\u00edc\u00ed ve front\u00e1ch. P\u0159edj\u00ed\u017ed\u00ed, proto\u017ee m\u00ed\u0159\u00ed do podzemn\u00ed gar\u00e1\u017ee, kter\u00e1 zeje pr\u00e1zdnotou. Vjezd do podzemn\u00edch gar\u00e1\u017e\u00ed je [&hellip;]","datePublished":"2021-11-17","dateModified":"2023-06-05","author":{"@type":"Person","@id":"https:\/\/www.demorss.cz\/author\/#Person","name":"","url":"https:\/\/www.demorss.cz\/author\/","identifier":1,"image":{"@type":"ImageObject","@id":"https:\/\/secure.gravatar.com\/avatar\/091b4d684e9af597ec9885a078917281e353fb1084ff05c94355123dbb14e899?s=96&d=mm&r=g","url":"https:\/\/secure.gravatar.com\/avatar\/091b4d684e9af597ec9885a078917281e353fb1084ff05c94355123dbb14e899?s=96&d=mm&r=g","height":96,"width":96}},"publisher":{"@type":"Organization","name":"demorss.cz","logo":{"@type":"ImageObject","@id":"\/logo.png","url":"\/logo.png","width":600,"height":60}},"image":{"@type":"ImageObject","@id":"https:\/\/www.demorss.cz\/wp-content\/uploads\/elektrick%C3%A9%20auto.JPG","url":"https:\/\/www.demorss.cz\/wp-content\/uploads\/elektrick%C3%A9%20auto.JPG","height":0,"width":0},"url":"https:\/\/www.demorss.cz\/zmena-doby\/","about":["Auto moto"],"wordCount":373,"articleBody":"P\u0159ij\u00ed\u017ed\u00edm, k\u00a0rozlehl\u00e9mu, n\u00e1kupn\u00edmu centrum. Venkovn\u00ed parkovac\u00ed plocha je napln\u011bna na sto procent. P\u0159ed obchodn\u00edm centrem se tvo\u0159\u00ed nekone\u010dn\u00e1 fronta aut. V\u00a0druh\u00e9m pruhu kolonu \u010dekaj\u00edc\u00edch voz\u016f p\u0159edj\u00ed\u017ed\u00ed ob\u010das ojedin\u011bl\u00e9 vozy. V\u0161echny p\u0159edj\u00ed\u017ed\u011bj\u00edc\u00ed auta jsou o pozn\u00e1n\u00ed star\u0161\u00ed, ne\u017e ta \u010dekaj\u00edc\u00ed ve front\u00e1ch. P\u0159edj\u00ed\u017ed\u00ed, proto\u017ee m\u00ed\u0159\u00ed do podzemn\u00ed gar\u00e1\u017ee, kter\u00e1 zeje pr\u00e1zdnotou.Vjezd do podzemn\u00edch gar\u00e1\u017e\u00ed je povolen pouze pro automobily se spalovac\u00edmi motory. Ty ve front\u011b, jsou modern\u00ed, vesm\u011bs nov\u00e9 vozy, poh\u00e1n\u011bj\u00edc\u00ed elektromotory.Elektromotory, tedy automobily, kter\u00e9 poh\u00e1n\u011bj\u00ed, do podzemn\u00ed gar\u00e1\u017ee samoz\u0159ejm\u011b nesm\u00ed. V\u00a0p\u0159\u00edpad\u011b po\u017e\u00e1ru se tam skoro nedaj\u00ed uhasit. Ho\u0159\u00ed komplikovan\u011b a vytrvale. Ho\u0159en\u00ed produkuje nebezpe\u010dn\u00e9 spaliny, kter\u00e9 vzduchotechnika nen\u00ed schopna bezpe\u010dn\u011b a hlavn\u011b rychle odv\u011btrat.Proto do podzemn\u00edch gar\u00e1\u017e\u00ed u obchodn\u00edch center, specializovan\u00fdch parkovac\u00edch dom\u016f v\u00a0centrech m\u011bst, mohou jen ty neekologick\u00e9 automobily, kter\u00e9 takov\u00e9 probl\u00e9my nemaj\u00ed. Parkovac\u00ed domy, kter\u00e9 je\u0161t\u011b p\u0159e p\u00e1r lety praskaly ve \u0161vech a kde jejich provozovatel\u00e9 vyd\u011bl\u00e1vali na drah\u00e9m parkovn\u00e9m, jsou t\u00e9m\u011b\u0159 opu\u0161t\u011bn\u00e9. P\u0159\u00edjem z\u00a0parkov\u00e1n\u00ed nevysta\u010d\u00ed ani na jejich nutnou \u00fadr\u017ebu. Ch\u00e1traj\u00ed.Kus za m\u011bstem je rozlehl\u00e9 pole. Kdysi d\u00e1vno tam jeden oligarcha p\u011bstoval \u0159epku, pak se ho lidi zbavili a pole zaplnilo obil\u00ed. Dnes tam stoj\u00ed ob\u0159\u00ed, p\u0159\u00edm\u011bstsk\u00e9 parkovi\u0161t\u011b. A\u017e k\u00a0n\u011bmu m\u016f\u017eete dojet na elektrokole, kter\u00e9 si tam, po dobu pou\u017e\u00edv\u00e1n\u00ed vozu, m\u016f\u017eete odlo\u017eit. V\u016fz si p\u0159edem objedn\u00e1te, tak\u017ee u\u017e na v\u00e1s \u010dek\u00e1, s\u00a0naplno nabitou bateri\u00ed a s\u00a0kabinou vytopenou na v\u00e1mi nastavenou teplotu. Jen p\u0159ijedete, vyzvednete si ji\u017e p\u0159istaven\u00fd v\u016fz a jedete na v\u00fdlet.\u00a0Takto n\u011bjak vid\u00edm budoucnost. D\u00edky ekologick\u00e9mu p\u0159\u00edstupu zabereme dal\u0161\u00ed plochy zem\u011bd\u011blsk\u00e9 p\u016fdy a zelen\u011b v\u016fbec. Kolem ka\u017ed\u00e9ho m\u011bsta budou ob\u0159\u00ed plochy parkovac\u00edch m\u00edst, proto\u017ee ve m\u011bst\u011b se parkovat nebude d\u00e1t.                                                                                                                                                                                                                                                                                                                                                                                                "},{"@context":"https:\/\/schema.org\/","@type":"BreadcrumbList","itemListElement":[{"@type":"ListItem","position":1,"name":"Zm\u011bna doby","item":"https:\/\/www.demorss.cz\/zmena-doby\/#breadcrumbitem"}]}]